{"id":749,"date":"2018-09-01T16:50:59","date_gmt":"2018-09-01T14:50:59","guid":{"rendered":"http:\/\/zameczeklagow.pl\/?p=749"},"modified":"2018-09-01T17:12:14","modified_gmt":"2018-09-01T15:12:14","slug":"historia-w-trasie","status":"publish","type":"post","link":"https:\/\/zameczeklagow.pl\/index.php\/2018\/09\/01\/historia-w-trasie\/","title":{"rendered":"Historia w trasie"},"content":{"rendered":"<div id=\"pl-749\"  class=\"panel-layout\" ><div id=\"pg-749-0\"  class=\"panel-grid panel-no-style\" ><div id=\"pgc-749-0-0\"  class=\"panel-grid-cell\" ><div id=\"panel-749-0-0-0\" class=\"so-panel widget widget_sow-editor panel-first-child panel-last-child\" data-index=\"0\" ><div\n\t\t\t\n\t\t\tclass=\"so-widget-sow-editor so-widget-sow-editor-base\"\n\t\t\t\n\t\t>\n<div class=\"siteorigin-widget-tinymce textwidget\">\n\t<p>Szanowni Pa\u0144stwo<br \/>\nw dniach 7-9 wrze\u015bnia na terenie MCS \"Zameczek\" odb\u0119d\u0105 si\u0119 warsztaty historyczne pn.: \"Historia w trasie\". Zapraszamy w szczeg\u00f3lno\u015bci m\u0142odzie\u017c i student\u00f3w. W ramach planowanego przedsi\u0119wzi\u0119cia odb\u0119d\u0105 si\u0119 wyk\u0142ady nt. niepodleg\u0142o\u015bci oraz wyjazdy to takich miejsc jak Mi\u0119dzyrzecki Rejon Umocniony, Klasztor w Parady\u017cu, Muzeum w Mi\u0119dzyrzeczu, Muzeum Ziemi Lubuskiej w Zielonej G\u00f3rze. Ch\u0119tne osoby prosimy o skontaktowanie si\u0119 z osob\u0105 odpowiedzialna za rekrutacj\u0119 pod numer: 885 323 130 lub napisanie do nas wiadomo\u015bci o ch\u0119ci uczestnictwa w projekcie. Zapraszamy do uczestnictwa.<\/p>\n<p>&nbsp;<\/p>\n<\/div>\n<\/div><\/div><\/div><\/div><div id=\"pg-749-1\"  class=\"panel-grid panel-no-style\" ><div id=\"pgc-749-1-0\"  class=\"panel-grid-cell panel-grid-cell-empty\" ><\/div><div id=\"pgc-749-1-1\"  class=\"panel-grid-cell panel-grid-cell-mobile-last\" ><div id=\"panel-749-1-1-0\" class=\"so-panel widget widget_media_image panel-first-child panel-last-child\" data-index=\"1\" ><img loading=\"lazy\" decoding=\"async\" width=\"200\" height=\"72\" src=\"https:\/\/zameczeklagow.pl\/wp-content\/uploads\/2018\/09\/Logo-Lubuskie-e1559240308593.png\" class=\"image wp-image-750  attachment-full size-full\" alt=\"\" style=\"max-width: 100%; height: auto;\" \/><\/div><\/div><div id=\"pgc-749-1-2\"  class=\"panel-grid-cell panel-grid-cell-empty\" ><\/div><\/div><\/div>","protected":false},"excerpt":{"rendered":"<p>Szanowni Pa\u0144stwo w dniach 7-9 wrze\u015bnia na terenie MCS &#8222;Zameczek&#8221; odb\u0119d\u0105 si\u0119 warsztaty historyczne pn.: &#8222;Historia w trasie&#8221;. Zapraszamy w szczeg\u00f3lno\u015bci m\u0142odzie\u017c i student\u00f3w. W ramach planowanego przedsi\u0119wzi\u0119cia odb\u0119d\u0105 si\u0119 wyk\u0142ady nt. niepodleg\u0142o\u015bci oraz wyjazdy<a class=\"read-more\" href=\"https:\/\/zameczeklagow.pl\/index.php\/2018\/09\/01\/historia-w-trasie\/\">Continue reading<\/a><\/p>\n","protected":false},"author":3,"featured_media":750,"comment_status":"open","ping_status":"open","sticky":false,"template":"","format":"standard","meta":{"footnotes":""},"categories":[1],"tags":[],"class_list":["post-749","post","type-post","status-publish","format-standard","has-post-thumbnail","hentry","category-bez-kategorii"],"_links":{"self":[{"href":"https:\/\/zameczeklagow.pl\/index.php\/wp-json\/wp\/v2\/posts\/749","targetHints":{"allow":["GET"]}}],"collection":[{"href":"https:\/\/zameczeklagow.pl\/index.php\/wp-json\/wp\/v2\/posts"}],"about":[{"href":"https:\/\/zameczeklagow.pl\/index.php\/wp-json\/wp\/v2\/types\/post"}],"author":[{"embeddable":true,"href":"https:\/\/zameczeklagow.pl\/index.php\/wp-json\/wp\/v2\/users\/3"}],"replies":[{"embeddable":true,"href":"https:\/\/zameczeklagow.pl\/index.php\/wp-json\/wp\/v2\/comments?post=749"}],"version-history":[{"count":5,"href":"https:\/\/zameczeklagow.pl\/index.php\/wp-json\/wp\/v2\/posts\/749\/revisions"}],"predecessor-version":[{"id":754,"href":"https:\/\/zameczeklagow.pl\/index.php\/wp-json\/wp\/v2\/posts\/749\/revisions\/754"}],"wp:featuredmedia":[{"embeddable":true,"href":"https:\/\/zameczeklagow.pl\/index.php\/wp-json\/wp\/v2\/media\/750"}],"wp:attachment":[{"href":"https:\/\/zameczeklagow.pl\/index.php\/wp-json\/wp\/v2\/media?parent=749"}],"wp:term":[{"taxonomy":"category","embeddable":true,"href":"https:\/\/zameczeklagow.pl\/index.php\/wp-json\/wp\/v2\/categories?post=749"},{"taxonomy":"post_tag","embeddable":true,"href":"https:\/\/zameczeklagow.pl\/index.php\/wp-json\/wp\/v2\/tags?post=749"}],"curies":[{"name":"wp","href":"https:\/\/api.w.org\/{rel}","templated":true}]}}